{"id":52460,"date":"2021-02-22T12:58:22","date_gmt":"2021-02-22T11:58:22","guid":{"rendered":"https:\/\/acc-clone.max2.dev\/?p=52460"},"modified":"2021-03-03T13:07:56","modified_gmt":"2021-03-03T12:07:56","slug":"felhasznaloi-jelentes-a-precizitas-felszallasra-kesz","status":"publish","type":"post","link":"https:\/\/www.accretech.eu\/hu\/felhasznaloi-jelentes-a-precizitas-felszallasra-kesz\/","title":{"rendered":"Felhaszn\u00e1l\u00f3i jelent\u00e9s: A precizit\u00e1s felsz\u00e1ll\u00e1sra k\u00e9sz"},"content":{"rendered":"\n<style type=\"text\/css\" data-created_by=\"avia_inline_auto\" id=\"style-css-av-j82psr-038a4098dfa289c076de915ff4eb220b\">\n.flex_column.av-j82psr-038a4098dfa289c076de915ff4eb220b{\n-webkit-border-radius:0px 0px 0px 0px;\n-moz-border-radius:0px 0px 0px 0px;\nborder-radius:0px 0px 0px 0px;\npadding:0px 0px 0px 0px;\n}\n<\/style>\n<div class='flex_column av-j82psr-038a4098dfa289c076de915ff4eb220b av_four_fifth first flex_column_div av-zero-column-padding '     ><section  class='av_textblock_section av-juzpi7tc-24f8b69e291f8af52f9a2bf866bffd29'  itemscope=\"itemscope\" itemtype=\"https:\/\/schema.org\/BlogPosting\" itemprop=\"blogPost\" ><div class='avia_textblock av_inherit_color'  itemprop=\"text\" ><h1 style=\"color: #154194;\">A precizit\u00e1s felsz\u00e1ll\u00e1sra k\u00e9sz<\/h1>\n<p><b style=\"color: #154194; font-family: f45;\">A rep\u00fcl\u0151g\u00e9pipar \u00e9s a v\u00e9delmi ipar a vil\u00e1g legszigor\u00fabban szab\u00e1lyozott szakter\u00fcletei k\u00f6z\u00e9 tartoznak, ahol a prec\u00edzi\u00f3s eszk\u00f6z\u00f6k \u00e9s a megb\u00edzhat\u00f3s\u00e1g maxim\u00e1lis fontoss\u00e1ggal b\u00edrnak. A SURFCOM NEX 041 seg\u00edts\u00e9g\u00e9vel a S.I.M.E.szavatolja az alkatr\u00e9szek min\u0151s\u00e9g\u00e9t \u00e9s kiel\u00e9g\u00edti az olaszorsz\u00e1gi \u00e9s eur\u00f3pai \u00fcgyfelek legmagasabb szint\u0171 elv\u00e1r\u00e1sait is..<\/b><\/p>\n<\/div><\/section><\/div>\n<style type=\"text\/css\" data-created_by=\"avia_inline_auto\" id=\"style-css-av-r4fphm-90517a9adb877cc80f833c9c2eda8c39\">\n.flex_column.av-r4fphm-90517a9adb877cc80f833c9c2eda8c39{\n-webkit-border-radius:0px 0px 0px 0px;\n-moz-border-radius:0px 0px 0px 0px;\nborder-radius:0px 0px 0px 0px;\npadding:0px 0px 0px 0px;\n}\n<\/style>\n<div class='flex_column av-r4fphm-90517a9adb877cc80f833c9c2eda8c39 av_one_fifth flex_column_div av-zero-column-padding '     ><\/div>\n\n<style type=\"text\/css\" data-created_by=\"avia_inline_auto\" id=\"style-css-av-j82psr-08663d6e80762f3f62700329c2db60ed\">\n.flex_column.av-j82psr-08663d6e80762f3f62700329c2db60ed{\n-webkit-border-radius:0px 0px 0px 0px;\n-moz-border-radius:0px 0px 0px 0px;\nborder-radius:0px 0px 0px 0px;\npadding:0px 0px 0px 0px;\n}\n<\/style>\n<div class='flex_column av-j82psr-08663d6e80762f3f62700329c2db60ed av_three_fourth first flex_column_div av-zero-column-padding '     ><section  class='av_textblock_section av-juzpi7tc-24f8b69e291f8af52f9a2bf866bffd29'  itemscope=\"itemscope\" itemtype=\"https:\/\/schema.org\/BlogPosting\" itemprop=\"blogPost\" ><div class='avia_textblock av_inherit_color'  itemprop=\"text\" ><p>Az S.I.M.E. egy Borgomenaroban (NO) l\u00e9v\u0151 sz\u00e9khellyel rendelkez\u0151 olasz v\u00e1llalat, \u00e9s egy olyan \u00e9lvonalbeli termel\u00e9si kapacit\u00e1ssal rendelkezik, mely lehet\u0151v\u00e9 teszi a k\u00fcl\u00f6nb\u00f6z\u0151 t\u00edpus\u00fa mechanikai beavatkoz\u00e1sokat a rozsdamentes ac\u00e9lb\u00f3l k\u00e9sz\u00fclt alkatr\u00e9szeken a rep\u00fcl\u0151g\u00e9p- \u00e9s v\u00e9delmi iparbeli \u00fcgyfelei sz\u00e1m\u00e1ra. Az alkatr\u00e9szek \u00e1ltal\u00e1ban olyan komplex rendszerek tartoz\u00e9kai, mint a hajt\u00f3m\u0171 rendszere, a lesz\u00e1ll\u00e1skor kiny\u00edl\u00f3 fut\u00f3m\u0171vek, a hidraulikus \u00e9s az \u00fczemanyageloszt\u00f3 rendszerek a r\u00f6gz\u00edtett \u00e9s mobil sz\u00e1rny\u00fa rep\u00fcl\u0151g\u00e9pekn\u00e9l. Az ut\u00f3bbi \u00e9vekben az S.I.M.E. l\u00e9trehozott egy k\u00fcl\u00f6n r\u00e9szleget az MRO (Maintenance, Repair and Overhaul) szektor sz\u00e1m\u00e1ra: az eszk\u00f6z\u00f6ket alkatr\u00e9szeikre szerelik sz\u00e9t, ezek egyenk\u00e9nt ellen\u0151rz\u00e9sre ker\u00fclnek a m\u00e9ret \u00e9s a forma tekintet\u00e9ben, majd ezt k\u00f6vet\u0151en sor ker\u00fcl a fel\u00faj\u00edt\u00e1sukra ezek optim\u00e1lis jellemz\u0151inek figyelembev\u00e9tel\u00e9vel.<\/p>\n<p>A precizit\u00e1s \u00e9s az innov\u00e1ci\u00f3 fontos szerepet j\u00e1tszanak ebben az \u00e1gazatban: \u00e9pp ez\u00e9rt a S.I.M.E. elk\u00f6telezett az mellett, hogy saj\u00e1t kapacit\u00e1sait folyamatosan fejlessze, \u00edgy k\u00e9pes legyen megfelelni \u00fcgyfelei saj\u00e1tos elv\u00e1r\u00e1sainak \u00e9s az \u00e1ltala gy\u00e1rtott tartoz\u00e9kok a legmagasabb szinvonalat k\u00e9pviselj\u00e9k. Ilyen tekintetben pedig a min\u0151s\u00e9gellen\u0151rz\u00e9s egy tan\u00fas\u00edtott v\u00e1llalatnak, mint amilyen a S.I.M.E., ugyancsak maxim\u00e1lis fontoss\u00e1g\u00fa.<\/p>\n<\/div><\/section><\/div>\n<style type=\"text\/css\" data-created_by=\"avia_inline_auto\" id=\"style-css-av-r4fphm-f5075d81fb0ece926fd9a38e011c2a91\">\n.flex_column.av-r4fphm-f5075d81fb0ece926fd9a38e011c2a91{\n-webkit-border-radius:0px 0px 0px 0px;\n-moz-border-radius:0px 0px 0px 0px;\nborder-radius:0px 0px 0px 0px;\npadding:0px 0px 20px 0px;\n}\n<\/style>\n<div class='flex_column av-r4fphm-f5075d81fb0ece926fd9a38e011c2a91 av_three_fourth first flex_column_div '     ><style type=\"text\/css\" data-created_by=\"avia_inline_auto\" id=\"style-css-av-k9crrdvf-cbadd217bc06b45673908ce37aa5116b\">\n.avia-image-container.av-k9crrdvf-cbadd217bc06b45673908ce37aa5116b img.avia_image{\nbox-shadow:none;\n}\n.avia-image-container.av-k9crrdvf-cbadd217bc06b45673908ce37aa5116b .av-image-caption-overlay-center{\ncolor:#ffffff;\n}\n<\/style>\n<div  class='avia-image-container av-k9crrdvf-cbadd217bc06b45673908ce37aa5116b av-styling- avia-align-center'   itemprop=\"image\" itemscope=\"itemscope\" itemtype=\"https:\/\/schema.org\/ImageObject\" ><div class=\"avia-image-container-inner\"><div class=\"avia-image-overlay-wrap\"><img decoding=\"async\" class='wp-image-52254 avia-img-lazy-loading-not-52254 avia_image ' src=\"https:\/\/www.accretech.eu\/wp-content\/uploads\/2021\/02\/ACCRETECH_SURFCOM-NEX-041-at-SIME-scaled.jpg\" alt='' title='ACCRETECH_SURFCOM NEX 041 at SIME'  height=\"3718\" width=\"5019\"  itemprop=\"thumbnailUrl\"  \/><\/div><\/div><\/div><\/div>\n\n<style type=\"text\/css\" data-created_by=\"avia_inline_auto\" id=\"style-css-av-j82psr-08663d6e80762f3f62700329c2db60ed\">\n.flex_column.av-j82psr-08663d6e80762f3f62700329c2db60ed{\n-webkit-border-radius:0px 0px 0px 0px;\n-moz-border-radius:0px 0px 0px 0px;\nborder-radius:0px 0px 0px 0px;\npadding:0px 0px 0px 0px;\n}\n<\/style>\n<div class='flex_column av-j82psr-08663d6e80762f3f62700329c2db60ed av_three_fourth first flex_column_div av-zero-column-padding '     ><section  class='av_textblock_section av-juzpi7tc-24f8b69e291f8af52f9a2bf866bffd29'  itemscope=\"itemscope\" itemtype=\"https:\/\/schema.org\/BlogPosting\" itemprop=\"blogPost\" ><div class='avia_textblock av_inherit_color'  itemprop=\"text\" ><h2>A min\u0151s\u00e9ggel kapcsolatos k\u00f6vetelm\u00e9nyek a rep\u00fcl\u0151g\u00e9piparbeli \u00fcgyfelek sz\u00e1m\u00e1ra egyre nagyobb jelent\u0151s\u00e9ggel b\u00edrnak<\/h2>\n<p>A technol\u00f3giai fejl\u0151d\u00e9s k\u00f6vetkezt\u00e9ben a prec\u00edzi\u00f3s m\u0171szerekkel kapcsolatos k\u00f6vetelm\u00e9nyek az \u00fcgyfelek r\u00e9sz\u00e9r\u0151l is egyre er\u0151teljesebben jelennek meg. A k\u00f6zelm\u00faltban a profilok m\u00e9r\u00e9s\u00e9re haszn\u00e1lt m\u00e9r\u0151m\u0171szer fokozatosan el\u00e9rte teljes\u00edtm\u00e9nye hat\u00e1rait, \u00e9pp ez\u00e9rt az S.I.M.E. hozz\u00e1kezdett egy \u00faj alternat\u00edva kidolgoz\u00e1s\u00e1hoz. A profilm\u00e9r\u0151t mindenekel\u0151tt abb\u00f3l a c\u00e9lb\u00f3l haszn\u00e1lj\u00e1k , hogy a bels\u0151 \u00e9s k\u00fcls\u0151 csavarmenetek r\u00e1diusz\u00e1t ellen\u0151rizz\u00e9k a k\u00fcl\u00f6nb\u00f6z\u0151 t\u00edpus\u00fa alkatr\u00e9szeken, \u00e1ltal\u00e1ban a komplex hidraulikus rendszereken bel\u00fcl: ez hangs\u00falyozottan kritikus t\u00e9nyez\u0151 a tolerancia fokozatos cs\u00f6kken\u00e9s\u00e9t v\u00e9ve figyelembe, mindenekel\u0151tt a be\u00e1ll\u00edt\u00e1ssal kapcsolatos param\u00e9terek vonatkoz\u00e1s\u00e1ban.<\/p>\n<p>M\u00edg a m\u00faltban a tipikus tolerancia a r\u00e1diuszok \u00e9s a kont\u00farok eset\u00e9n k\u00f6r\u00fclbel\u00fcl egytized millim\u00e9ter volt, m\u00e1ra az elv\u00e1rt tolerancia +\/-0,01 millim\u00e9ter, teh\u00e1t maximum 2 sz\u00e1zadmillim\u00e9teres sz\u00f3r\u00e1son bel\u00fcl<em> \u201eEz okb\u00f3l kifoly\u00f3lag egy olyan profilm\u00e9r\u0151re van sz\u00fcks\u00e9g\u00fcnk, amely biztos\u00edtja annak lehet\u0151s\u00e9g\u00e9t, hogy az ism\u00e9telhet\u0151s\u00e9g, a felbont\u00e1s \u00e9s a precizit\u00e1s optim\u00e1lisak legyenek.\u201d<\/em> \u2013 sz\u00e1mol be Giuliano Pisapia, a S.I.M.E. Vez\u00e9rigazgat\u00f3ja. <em>\u201eMiut\u00e1n leellen\u0151rizt\u00fcnk t\u00f6bb, a piacon fellel\u0151het\u0151 eszk\u00f6zt, az Accretech SURFCOM NEX 041 elnevez\u00e9s\u0171 eszk\u00f6z\u00e9t v\u00e1lasztottuk, tekintve hogy ez mindenben megfelelt elv\u00e1r\u00e1sainknak, \u00fagy a pontoss\u00e1g, mint a saj\u00e1t rendszereinkbe val\u00f3 integr\u00e1ci\u00f3, valamint a min\u0151s\u00e9g-\u00e1r ar\u00e1ny tekintet\u00e9ben.\u201d <\/em><\/p>\n<\/div><\/section><\/div>\n<style type=\"text\/css\" data-created_by=\"avia_inline_auto\" id=\"style-css-av-j82psr-4a310b64a34fa5a7809e73d99c1d7df7\">\n.flex_column.av-j82psr-4a310b64a34fa5a7809e73d99c1d7df7{\n-webkit-border-radius:0px 0px 0px 0px;\n-moz-border-radius:0px 0px 0px 0px;\nborder-radius:0px 0px 0px 0px;\npadding:0px 0px 0px 0px;\n}\n<\/style>\n<div class='flex_column av-j82psr-4a310b64a34fa5a7809e73d99c1d7df7 av_three_fourth first flex_column_div '     ><section  class='av_textblock_section av-juzpi7tc-24f8b69e291f8af52f9a2bf866bffd29'  itemscope=\"itemscope\" itemtype=\"https:\/\/schema.org\/BlogPosting\" itemprop=\"blogPost\" ><div class='avia_textblock av_inherit_color'  itemprop=\"text\" ><h2>Maxim\u00e1lis rugalmass\u00e1g a k\u00fcl\u00f6nb\u00f6z\u0151 alkalmaz\u00e1sokra<\/h2>\n<p>A SURFCOM NEX 041 egyik jellemz\u0151je, melyet a S.I.M.E. k\u00fcl\u00f6n\u00f6sen nagyra \u00e9rt\u00e9kel, a \u201eT\u201d form\u00e1j\u00fa t\u0171, amely lehet\u0151v\u00e9 teszi az als\u00f3 \u00e9s a fels\u0151 profilok m\u00e9r\u00e9s\u00e9t, maxim\u00e1lis precizit\u00e1st szavatolva az \u00e1tm\u00e9r\u0151 kisz\u00e1m\u00edt\u00e1sa \u00e9s a megmunk\u00e1land\u00f3 darabok vastags\u00e1ga tekintet\u00e9ben. <em>\u201eSz\u00e1munkra k\u00fcl\u00f6n\u00f6sen fontos annak a lehet\u0151s\u00e9ge, hogy egyetlen pozicion\u00e1l\u00e1sb\u00f3l megm\u00e9rhess\u00fck \u00fagy az als\u00f3, mint a fels\u0151 csavarmenetet.\u201d <\/em>\u2013 folytatja Pisapia \u2013 <em>\u201eEz lehet\u0151v\u00e9 teszi az alap\u00e1tm\u00e9r\u0151 pontos m\u00e9r\u00e9s\u00e9t, mert kik\u00fcsz\u00f6b\u00f6l\u0151dik az \u00fajrapozicion\u00e1l\u00e1si hiba: ez egy m\u00e1sik olyan tulajdons\u00e1g, amely minden bizonnyal nyomott a latban, amikor az Accretech m\u0171szer\u00e9t javasoltam.\u201d<\/em><\/p>\n<p>Egy m\u00e1sik nagyon fontos param\u00e9ter a S.I.M.E. munk\u00e1latainak min\u0151s\u00e9gellen\u0151rz\u00e9s szempontj\u00e1b\u00f3l a fel\u00fcleti egyenetlens\u00e9g. Az a t\u00e9ny, hogy (a NEX 040 \u00e9s a NEX 001 egyes\u00fcl\u00e9s\u00e9b\u0151l l\u00e9trej\u00f6v\u0151) SURFCOM NEX 041 profil- \u00e9s egyenetlens\u00e9gm\u00e9r\u0151 k\u00e9pes az egyenetlens\u00e9g m\u00e9r\u00e9s\u00e9re is, Pisapia sz\u00e1m\u00e1ra a term\u00e9k min\u0151s\u00e9g\u00e9nek ut\u00f3lagos igazol\u00e1s\u00e1t jelenti: <em>\u201eAz egyenetlens\u00e9g m\u00e9r\u00e9se ugyancsak d\u00f6nt\u0151 fontosss\u00e1g\u00fa, tekintve, hogy egy olyan eszk\u00f6zt felt\u00e9telez, mely k\u00e9pes kisz\u0171rni a k\u00f6rnyezeti vibr\u00e1ci\u00f3t \u00e9s a h\u00e1tt\u00e9rzajt: \u00e9pp ez\u00e9rt ez az eszk\u00f6z, mely k\u00e9pes az egyenetlens\u00e9g m\u00e9r\u00e9s\u00e9re, m\u00e9g prec\u00edzebben m\u00e9ri a profilokat. \u201d<\/em><\/p>\n<\/div><\/section><\/div>\n<style type=\"text\/css\" data-created_by=\"avia_inline_auto\" id=\"style-css-av-j82psr-4a310b64a34fa5a7809e73d99c1d7df7\">\n.flex_column.av-j82psr-4a310b64a34fa5a7809e73d99c1d7df7{\n-webkit-border-radius:0px 0px 0px 0px;\n-moz-border-radius:0px 0px 0px 0px;\nborder-radius:0px 0px 0px 0px;\npadding:0px 0px 0px 0px;\n}\n<\/style>\n<div class='flex_column av-j82psr-4a310b64a34fa5a7809e73d99c1d7df7 av_three_fourth first flex_column_div '     ><section  class='av_textblock_section av-juzpi7tc-24f8b69e291f8af52f9a2bf866bffd29'  itemscope=\"itemscope\" itemtype=\"https:\/\/schema.org\/BlogPosting\" itemprop=\"blogPost\" ><div class='avia_textblock av_inherit_color'  itemprop=\"text\" ><h2>R\u00f6videbb be\u00e1ll\u00edt\u00e1si id\u0151 \u2013 megn\u00f6vekedett termel\u00e9kenys\u00e9g<\/h2>\n<p>A profil- \u00e9s egyenetlens\u00e9gm\u00e9r\u0151 \u2013 amely egy metrol\u00f3giai helyis\u00e9gben tal\u00e1lhat\u00f3, a termel\u00e9si ter\u00fclet szomsz\u00e9ds\u00e1g\u00e1ban \u2013 egyar\u00e1nt haszn\u00e1latos a folyamat ellen\u0151rz\u00e9se, valamint a v\u00e9gs\u0151 min\u0151s\u00e9g szavatol\u00e1sa c\u00e9lj\u00e1b\u00f3l. A folyamat ellen\u0151rz\u00e9se \u2013 a felszerel\u00e9st k\u00f6vet\u0151en \u2013 minden egyes t\u00e9tel els\u0151 darabj\u00e1nak felhaszn\u00e1l\u00e1s\u00e1val t\u00f6rt\u00e9nik, ezt k\u00f6vet\u0151en pedig sz\u00far\u00f3pr\u00f3baszer\u0171en megism\u00e9tl\u00e9sre ker\u00fcl. Tekintve, hogy tev\u00e9kenys\u00e9g\u00e9t a rep\u00fcl\u0151g\u00e9piparban fejti ki, a S.I.M.E. gyakran dolgozik olyan term\u00e9keken, melyek darabsz\u00e1ma alacsony \u2013 50\u2013100 darab ker\u00fcl legy\u00e1rt\u00e1sra -, ugyanakkor az felszerel\u00e9s a 23 munkak\u00f6zpont b\u00e1rmelyik\u00e9ben megt\u00f6rt\u00e9nhet eszterg\u00e1l\u00e1s \u00e9s mar\u00e1s seg\u00edts\u00e9g\u00e9vel. Minden egyes felszerel\u00e9st k\u00f6vet\u0151en a megmunk\u00e1l\u00f3 az els\u0151 darabot a metrol\u00f3giai helyis\u00e9gbe viszi ellen\u0151rz\u00e9s c\u00e9lj\u00e1b\u00f3l, mely ellen\u0151rz\u00e9st vagy maga a megmunk\u00e1l\u00f3 vagy a metrol\u00f3giai szak\u00e9rt\u0151 v\u00e9gzi el. Ez a folyamat megism\u00e9tl\u00e9sre ker\u00fcl ugyanazon term\u00e9kt\u00e9tel eset\u00e9n minden egyes olyan m\u0171velet vagy kritikus fontoss\u00e1g\u00fa kezel\u00e9s eset\u00e9n, amelyet a S.I.M.E. v\u00e9gez el. Amikor a term\u00e9k gy\u00e1rt\u00e1sa befejez\u0151d\u00f6tt, a metrol\u00f3giai szak\u00e9rt\u0151k egy v\u00e9gs\u0151 min\u0151s\u00e9gellen\u0151rz\u00e9st hajtanak v\u00e9gre az \u00f6sszes, kritikus jelent\u0151s\u00e9g\u0171 param\u00e9ter vonatkoz\u00e1s\u00e1ban. <em>\u201eVannak olyan saj\u00e1tos esetek, amikor valamely m\u00e9retbeli jellemz\u0151 tekintet\u00e9ben 100%-os ellen\u0151rz\u00e9st kell elv\u00e9gezni: ilyen esetekben a SURFCOM NEX naponta t\u00f6bb szem\u00e9ly \u00e1ltal, t\u00f6bbsz\u00f6ri alkalommal ker\u00fcl felhaszn\u00e1l\u00e1sra.\u201d <\/em><\/p>\n<p>A v\u00e9grehajtott ellen\u0151rz\u00e9sek sokf\u00e9les\u00e9ge nem csak abb\u00f3l ad\u00f3dik, hogy k\u00fcl\u00f6nb\u00f6z\u0151 darabokat kell megm\u00e9rni, hanem abb\u00f3l a t\u00e9nyb\u0151l is, hogy ugyanazon darab ellen\u0151rz\u00e9se v\u00e1ltozik a megmunk\u00e1l\u00e1si folyamat t\u00edpusa f\u00fcggv\u00e9ny\u00e9ben. A SURFCOM NEX 041 r\u00f6vid be\u00e1ll\u00edt\u00e1si ideje d\u00f6nt\u0151 t\u00e9nyez\u0151 a S.I.M.E. sz\u00e1m\u00e1ra. <em>\u201eEgy rendk\u00edv\u00fcl pozit\u00edv jellemz\u0151je ennek az eszk\u00f6znek az, hogy automatikusan felismeri a m\u00e9rleget, mikor ez lecser\u00e9l\u00e9sre ker\u00fcl \u00e9s automatikusan bet\u00f6lti az ellen\u0151rz\u00e9s \u00f6sszes param\u00e9ter\u00e9t, an\u00e9lk\u00fcl hogy ehhez sz\u00fcks\u00e9g lenne egy manu\u00e1lis kalibr\u00e1l\u00e1sra.\u201d<\/em> Ez a jellemz\u0151 lehet\u0151v\u00e9 tette a S.I.M.E. sz\u00e1m\u00e1ra a be\u00e1ll\u00edt\u00e1shoz sz\u00fcks\u00e9ges id\u0151 cs\u00f6kkent\u00e9s\u00e9t, cs\u00f6kkentve ugyanakkor az elakad\u00e1sokat \u00e9s enn\u00e9lfogva n\u00f6velve a termel\u00e9kenys\u00e9get: <em>\u201eez minden bizonnyal egyike volt az indokoknak, ami\u00e9rt az eszk\u00f6z lecser\u00e9l\u00e9se mellett d\u00f6nt\u00f6tt\u00fcnk: az el\u0151z\u0151leg haszn\u00e1lt megold\u00e1s a param\u00e9terek be\u00e1ll\u00edt\u00e1sa sor\u00e1n j\u00f3val t\u00f6bb id\u0151t vett ig\u00e9nybe \u00e9s sokkal k\u00f6r\u00fclm\u00e9nyesebb volt.\u201d <\/em><\/p>\n<p>Egy, a S.I.M.E. sz\u00e1m\u00e1ra ugyancsak fontos szempont a metrol\u00f3giai eszk\u00f6z csatlakoztat\u00e1sa a v\u00e1llalat informatikai rendszer\u00e9re. A k\u00e9tir\u00e1ny\u00fa rendszer\u00e9nek k\u00f6sz\u00f6nhet\u0151en a S.I.M.E. adatokat gy\u0171jt be \u00e9s oszt meg a termel\u00e9si szf\u00e9r\u00e1b\u00f3l \u00e9s a kezel\u00e9si rendszerb\u0151l, a folyamatok monitoriz\u00e1s\u00e1nak c\u00e9lj\u00e1b\u00f3l, illetve ac\u00e9lb\u00f3l, hogy \u00fcgyfeleivel megoszthasson minden sz\u00fcks\u00e9ges inform\u00e1ci\u00f3t a term\u00e9kek \u00e9s az elv\u00e9gzett kezel\u00e9sek kapcs\u00e1n. <em>\u201eA SURFCOM NEX t\u00f6k\u00e9letesen integr\u00e1lt a rendszerbe, k\u00f6vetkez\u00e9sk\u00e9ppen a S.I.M.E. sz\u00e1m\u00e1ra biztos\u00edtja a lehet\u0151s\u00e9get, hogy begy\u0171jtse az \u00f6sszes m\u00e9r\u00e9si adatot, ezeket egy adott t\u00e9telhez t\u00e1rs\u00edtva \u00e9s \u00fcgyfeleink rendelkez\u00e9s\u00e9re bocs\u00e1tva.\u201d<\/em><\/p>\n<\/div><\/section><\/div>\n<style type=\"text\/css\" data-created_by=\"avia_inline_auto\" id=\"style-css-av-r4fphm-f5075d81fb0ece926fd9a38e011c2a91\">\n.flex_column.av-r4fphm-f5075d81fb0ece926fd9a38e011c2a91{\n-webkit-border-radius:0px 0px 0px 0px;\n-moz-border-radius:0px 0px 0px 0px;\nborder-radius:0px 0px 0px 0px;\npadding:0px 0px 20px 0px;\n}\n<\/style>\n<div class='flex_column av-r4fphm-f5075d81fb0ece926fd9a38e011c2a91 av_three_fourth first flex_column_div '     ><style type=\"text\/css\" data-created_by=\"avia_inline_auto\" id=\"style-css-av-k9crrdvf-c05b216f5de1602e17d3d4614572c6e7\">\n.avia-image-container.av-k9crrdvf-c05b216f5de1602e17d3d4614572c6e7 img.avia_image{\nbox-shadow:none;\n}\n.avia-image-container.av-k9crrdvf-c05b216f5de1602e17d3d4614572c6e7 .av-image-caption-overlay-center{\ncolor:#ffffff;\n}\n<\/style>\n<div  class='avia-image-container av-k9crrdvf-c05b216f5de1602e17d3d4614572c6e7 av-styling- avia-align-center'   itemprop=\"image\" itemscope=\"itemscope\" itemtype=\"https:\/\/schema.org\/ImageObject\" ><div class=\"avia-image-container-inner\"><div class=\"avia-image-overlay-wrap\"><img decoding=\"async\" class='wp-image-52245 avia-img-lazy-loading-not-52245 avia_image ' src=\"https:\/\/www.accretech.eu\/wp-content\/uploads\/2021\/02\/ACCRETECH_SURFCOM-Nex-041-1030x773.jpg\" alt='' title='ACCRETECH_SURFCOM Nex 041'  height=\"773\" width=\"1030\"  itemprop=\"thumbnailUrl\" srcset=\"https:\/\/www.accretech.eu\/wp-content\/uploads\/2021\/02\/ACCRETECH_SURFCOM-Nex-041-1030x773.jpg 1030w, https:\/\/www.accretech.eu\/wp-content\/uploads\/2021\/02\/ACCRETECH_SURFCOM-Nex-041-300x225.jpg 300w, https:\/\/www.accretech.eu\/wp-content\/uploads\/2021\/02\/ACCRETECH_SURFCOM-Nex-041-768x576.jpg 768w, https:\/\/www.accretech.eu\/wp-content\/uploads\/2021\/02\/ACCRETECH_SURFCOM-Nex-041-1536x1152.jpg 1536w, https:\/\/www.accretech.eu\/wp-content\/uploads\/2021\/02\/ACCRETECH_SURFCOM-Nex-041-2048x1536.jpg 2048w, https:\/\/www.accretech.eu\/wp-content\/uploads\/2021\/02\/ACCRETECH_SURFCOM-Nex-041-1500x1125.jpg 1500w, https:\/\/www.accretech.eu\/wp-content\/uploads\/2021\/02\/ACCRETECH_SURFCOM-Nex-041-705x529.jpg 705w\" sizes=\"(max-width: 1030px) 100vw, 1030px\" \/><\/div><\/div><\/div><\/div>\n\n<style type=\"text\/css\" data-created_by=\"avia_inline_auto\" id=\"style-css-av-j82psr-4a310b64a34fa5a7809e73d99c1d7df7\">\n.flex_column.av-j82psr-4a310b64a34fa5a7809e73d99c1d7df7{\n-webkit-border-radius:0px 0px 0px 0px;\n-moz-border-radius:0px 0px 0px 0px;\nborder-radius:0px 0px 0px 0px;\npadding:0px 0px 0px 0px;\n}\n<\/style>\n<div class='flex_column av-j82psr-4a310b64a34fa5a7809e73d99c1d7df7 av_three_fourth first flex_column_div '     ><section  class='av_textblock_section av-juzpi7tc-24f8b69e291f8af52f9a2bf866bffd29'  itemscope=\"itemscope\" itemtype=\"https:\/\/schema.org\/BlogPosting\" itemprop=\"blogPost\" ><div class='avia_textblock av_inherit_color'  itemprop=\"text\" ><h2>Felhaszn\u00e1l\u00f3bar\u00e1t kiszerel\u00e9s \u00e9s minden esetben el\u00e9rhet\u0151 m\u0171szaki \u00fcgyf\u00e9lszolg\u00e1lat<\/h2>\n<p>Azok a munkav\u00e1llal\u00f3k, akik a S.I.M.E. keret\u00e9n bel\u00fcl haszn\u00e1lj\u00e1k a SURFCOM NEX-et, a metrol\u00f3gia alapjait \u00e9s a mechanikai kivitelez\u00e9s leolvas\u00e1si technik\u00e1it j\u00f3l ismer\u0151 szem\u00e9lyek, \u00e1m ugyanakkor az is fontos szempont, hogy az alapfunkci\u00f3k tekintet\u00e9ben a be\u00e9p\u00edtett szoftver rendk\u00edv\u00fcl felhaszn\u00e1l\u00f3bar\u00e1t. Pisapia \u00far r\u00e9szletesebben elmagyar\u00e1zza ennek koncepcion\u00e1lis h\u00e1tter\u00e9t: <em>\u201eSz\u00e1munkra k\u00e9ts\u00e9gk\u00edv\u00fcl alapvet\u0151en fontos, hogy a szoftver k\u00e9pes legyen egy sor param\u00e9tert megjelen\u00edteni \u00e9s elemezni, ugyanakkor pedig perd\u00f6nt\u0151, hogy az interf\u00e9sz felhaszn\u00e1l\u00f3bar\u00e1t legyen \u00e9s lehet\u0151v\u00e9 tegye a legfontosabb param\u00e9terek azonnali megjelen\u00edt\u00e9s\u00e9t minden egyes folyamat eset\u00e9n: ilyen tekintetben az ACCTee szoftver meghaladta a legoptimist\u00e1bb v\u00e1rakoz\u00e1sainkat.\u201d<\/em><\/p>\n<p>A metrol\u00f3giai szakszem\u00e9lyzetet k\u00f6zvetlen\u00fcl az ACCRETECH Europe m\u0171szaki szakemberei k\u00e9pezt\u00e9k ki, hogy a term\u00e9k teljes funkcionalit\u00e1s\u00e1t elsaj\u00e1t\u00edts\u00e1k, ugyanakkor el\u0151fordulhat, hogy a m\u0171szaki szolg\u00e1lat k\u00f6zbel\u00e9p\u00e9s\u00e9re van sz\u00fcks\u00e9g a saj\u00e1tos param\u00e9terek lek\u00e9rdez\u00e9se vagy a k\u00fcl\u00f6n\u00f6sen komplex darabok eset\u00e9n t\u00f6rt\u00e9n\u0151 szem\u00e9lyreszabott be\u00e1ll\u00edt\u00e1sok c\u00e9lj\u00e1b\u00f3l. Maga a k\u00fclf\u00f6ldi piac fel\u00e9 t\u00f6rt\u00e9n\u0151 nyit\u00e1s is komplex k\u00e9rd\u00e9seket vetett fel: <em>\u201eN\u00e9metorsz\u00e1gi \u00fcgyfeleink saj\u00e1tos elv\u00e1r\u00e1sai bizonyos esetekben nagyban k\u00fcl\u00f6nb\u00f6znek azokt\u00f3l, amelyeket megszokhattunk az olasz \u00fcgyfeleink m\u0171szaki rajzaiban tal\u00e1lhat\u00f3 elv\u00e1r\u00e1sokt\u00f3l, \u00e9s a m\u00faltban el\u0151fordult, hogy nem tudtunk azonnali m\u00f3don kiel\u00e9g\u00edt\u0151 v\u00e1laszt adni ezekre.<\/em>\u201d Ugyanakkor ebben az esetben is pozit\u00edv a visszajelz\u00e9s: <em>\u201eAz Accretech m\u0171szaki szakemberei minden esetben bizony\u00edtott\u00e1k, hogy k\u00e9pesek az \u00f6sszes k\u00e9r\u00e9sre kiel\u00e9g\u00edt\u0151 megold\u00e1sokkal szolg\u00e1lni. Egy\u00e9bk\u00e9nt az \u00fczemi szem\u00e9lyzettel optim\u00e1lis viszonyt alak\u00edtottak ki, ami egy olyan pozit\u00edv mozzanat, melyet nem szabad alul\u00e9rt\u00e9kelni.\u201d<\/em><\/p>\n<\/div><\/section><\/div>\n<style type=\"text\/css\" data-created_by=\"avia_inline_auto\" id=\"style-css-av-r4fphm-f5075d81fb0ece926fd9a38e011c2a91\">\n.flex_column.av-r4fphm-f5075d81fb0ece926fd9a38e011c2a91{\n-webkit-border-radius:0px 0px 0px 0px;\n-moz-border-radius:0px 0px 0px 0px;\nborder-radius:0px 0px 0px 0px;\npadding:0px 0px 20px 0px;\n}\n<\/style>\n<div class='flex_column av-r4fphm-f5075d81fb0ece926fd9a38e011c2a91 av_three_fourth first flex_column_div '     ><style type=\"text\/css\" data-created_by=\"avia_inline_auto\" id=\"style-css-av-k9crrdvf-e91e553a2effef61bb612b644b258e2a\">\n.avia-image-container.av-k9crrdvf-e91e553a2effef61bb612b644b258e2a img.avia_image{\nbox-shadow:none;\n}\n.avia-image-container.av-k9crrdvf-e91e553a2effef61bb612b644b258e2a .av-image-caption-overlay-center{\ncolor:#ffffff;\n}\n<\/style>\n<div  class='avia-image-container av-k9crrdvf-e91e553a2effef61bb612b644b258e2a av-styling- avia-align-center'   itemprop=\"image\" itemscope=\"itemscope\" itemtype=\"https:\/\/schema.org\/ImageObject\" ><div class=\"avia-image-container-inner\"><div class=\"avia-image-overlay-wrap\"><img decoding=\"async\" class='wp-image-52263 avia-img-lazy-loading-not-52263 avia_image ' src=\"https:\/\/www.accretech.eu\/wp-content\/uploads\/2021\/02\/SIME-Italy-production-site-scaled.jpg\" alt='' title='SIME Italy production site'  height=\"3864\" width=\"5152\"  itemprop=\"thumbnailUrl\"  \/><\/div><\/div><\/div><\/div>\n\n<style type=\"text\/css\" data-created_by=\"avia_inline_auto\" id=\"style-css-av-1rfte5y-d9f6a25107649dfebfbc26732ac75691\">\n.flex_column.av-1rfte5y-d9f6a25107649dfebfbc26732ac75691{\n-webkit-border-radius:0px 0px 0px 0px;\n-moz-border-radius:0px 0px 0px 0px;\nborder-radius:0px 0px 0px 0px;\npadding:0px 0px 10px 0px;\n}\n<\/style>\n<div class='flex_column av-1rfte5y-d9f6a25107649dfebfbc26732ac75691 av_four_fifth first flex_column_div '     ><section  class='av_textblock_section av-jwvueht8-345c3e74b39ba7a12f1f0925587d83d8'  itemscope=\"itemscope\" itemtype=\"https:\/\/schema.org\/BlogPosting\" itemprop=\"blogPost\" ><div class='avia_textblock av_inherit_color'  itemprop=\"text\" ><p><b style=\"color: #154194; font-family: f45;\">S.I.M.E.<\/b><\/p>\n<p>A S.I.M.E. egy 1950-ben l\u00e9trehozott olasz v\u00e1llalat, melynek sz\u00e9khelye \u00e9s k\u00e9t \u00fczeme Borgomaneroban (NO) tal\u00e1lhat\u00f3ak. EN9100:2016 tan\u00fas\u00edtv\u00e1nnyal rendelkezik \u00e9s r\u00e9p\u00fcl\u0151g\u00e9pipari, valamint v\u00e9delmi ipari term\u00e9keket \u00e1ll\u00edt el\u0151 eur\u00f3pai \u00fcgyfeleknek, valamint a prec\u00edzi\u00f3s alkatr\u00e9szek gy\u00e1rt\u00e1s\u00e1ra szakosodott. A v\u00e1llalat szakter\u00fclete az \u00f6ttengelyes mar\u00e1s \u00e9s a CNC eszterg\u00e1l\u00e1s, a hibaigaz\u00edt\u00e1s \u00e9s a bels\u0151 lappol\u00e1s, a sorjamentes\u00edt\u00e9s \u00e9s a professzion\u00e1lis ut\u00f3munk\u00e1latok. Ezenk\u00edv\u00fcl kapacit\u00e1ssal b\u00edr olyan k\u00fcl\u00f6nleges, a NADCAP \u00e1ltal enged\u00e9lyezett elj\u00e1r\u00e1sok v\u00e9grehajt\u00e1s\u00e1ra, mint a nem-destrukt\u00edv kontroll-elj\u00e1r\u00e1sok (LPI \u00e9s MT), h\u0151kezel\u00e9s (kicsapat\u00e1s \u00e9s ny\u00fajt\u00e1s), passziv\u00e1ci\u00f3 \u00e9s a k\u00fcls\u0151 csavarmenetek hegnerl\u00e9se. Az ut\u00f3bbi \u00e9vekben a v\u00e1llalat l\u00e9trehozott egy, a rep\u00fcl\u0151g\u00e9pipari berendez\u00e9sek jav\u00edt\u00e1s\u00e1ra szakosodott r\u00e9szleget (MRO station), amely t\u00f6k\u00e9letesen integr\u00e1l\u00f3dik az \u00f6sszeszerel\u00e9si r\u00e9szlegbe. Az SIME az Altair Konzorcium tagja \u00e9s r\u00e9szt vesz a Torino Piemonte Aerospace projektben.<\/p>\n<\/div><\/section><\/div>\n<style type=\"text\/css\" data-created_by=\"avia_inline_auto\" id=\"style-css-av-1rfte5y-d9f6a25107649dfebfbc26732ac75691\">\n.flex_column.av-1rfte5y-d9f6a25107649dfebfbc26732ac75691{\n-webkit-border-radius:0px 0px 0px 0px;\n-moz-border-radius:0px 0px 0px 0px;\nborder-radius:0px 0px 0px 0px;\npadding:0px 0px 10px 0px;\n}\n<\/style>\n<div class='flex_column av-1rfte5y-d9f6a25107649dfebfbc26732ac75691 av_four_fifth first flex_column_div '     ><section  class='av_textblock_section av-jwvueht8-345c3e74b39ba7a12f1f0925587d83d8'  itemscope=\"itemscope\" itemtype=\"https:\/\/schema.org\/BlogPosting\" itemprop=\"blogPost\" ><div class='avia_textblock av_inherit_color'  itemprop=\"text\" ><p><b style=\"color: #154194; font-family: f45;\">Kapcsolat:<\/b><\/p>\n<p>ACCRETECH (Europe) GmbH<br \/>\nFerenc Ruczek<br \/>\nRegional Sales Manager Hungary<br \/>\nPhone: +36 23 232 224<br \/>\nMobile: +36 30 318 31 12<\/p>\n<p><a href=\"mailto:ruczekf@accretech.eu\">ruczekf@accretech.eu<\/a><\/p>\n<\/div><\/section><\/div>\n<style type=\"text\/css\" data-created_by=\"avia_inline_auto\" id=\"style-css-av-nl79vs-79102560532c51159c2b725e0e2f6a27\">\n.flex_column.av-nl79vs-79102560532c51159c2b725e0e2f6a27{\n-webkit-border-radius:0px 0px 0px 0px;\n-moz-border-radius:0px 0px 0px 0px;\nborder-radius:0px 0px 0px 0px;\npadding:0px 0px 0px 0px;\n}\n<\/style>\n<div class='flex_column av-nl79vs-79102560532c51159c2b725e0e2f6a27 av_one_full first no_margin flex_column_div av-zero-column-padding '     ><section  class='av_textblock_section av-jwvueht8-345c3e74b39ba7a12f1f0925587d83d8'  itemscope=\"itemscope\" itemtype=\"https:\/\/schema.org\/BlogPosting\" itemprop=\"blogPost\" ><div class='avia_textblock av_inherit_color'  itemprop=\"text\" ><p><span style=\"font-family: f45; color: #154194;\"><strong><i class=\"wp-svg-arrow-right-2 arrow-right-2\"><\/i> <a href=\"https:\/\/www.accretech.eu\/hu\/surfcom-nex-040-041\/\">SURFCOM NEX 041<\/a><\/strong><\/span><\/p>\n<\/div><\/section><\/div>\n","protected":false},"excerpt":{"rendered":"<p>A rep\u00fcl\u0151g\u00e9pipar \u00e9s a v\u00e9delmi ipar a vil\u00e1g legszigor\u00fabban szab\u00e1lyozott szakter\u00fcletei k\u00f6z\u00e9 tartoznak, ahol a prec\u00edzi\u00f3s eszk\u00f6z\u00f6k \u00e9s a megb\u00edzhat\u00f3s\u00e1g maxim\u00e1lis fontoss\u00e1ggal b\u00edrnak. A SURFCOM NEX 041 seg\u00edts\u00e9g\u00e9vel a S.I.M.E.szavatolja az alkatr\u00e9szek min\u0151s\u00e9g\u00e9t \u00e9s kiel\u00e9g\u00edti az olaszorsz\u00e1gi \u00e9s eur\u00f3pai \u00fcgyfelek legmagasabb szint\u0171 elv\u00e1r\u00e1sait is.<\/p>\n","protected":false},"author":550,"featured_media":52250,"comment_status":"closed","ping_status":"closed","sticky":false,"template":"","format":"standard","meta":{"footnotes":""},"categories":[1],"tags":[],"class_list":["post-52460","post","type-post","status-publish","format-standard","has-post-thumbnail","hentry","category-unkategorisiert"],"acf":[],"yoast_head":"<!-- This site is optimized with the Yoast SEO Premium plugin v26.1 (Yoast SEO v26.1.1) - https:\/\/yoast.com\/wordpress\/plugins\/seo\/ -->\n<title>Felhaszn\u00e1l\u00f3i jelent\u00e9s: A precizit\u00e1s felsz\u00e1ll\u00e1sra k\u00e9sz<\/title>\n<meta name=\"description\" content=\"A SURFCOM NEX 041 seg\u00edts\u00e9g\u00e9vel a S.I.M.E.szavatolja az alkatr\u00e9szek min\u0151s\u00e9g\u00e9t \u00e9s kiel\u00e9g\u00edti az olaszorsz\u00e1gi \u00e9s eur\u00f3pai \u00fcgyfelek legmagasabb szint\u0171 elv\u00e1r\u00e1sait is.\" \/>\n<meta name=\"robots\" content=\"index, follow, max-snippet:-1, max-image-preview:large, max-video-preview:-1\" \/>\n<link rel=\"canonical\" href=\"https:\/\/www.accretech.eu\/hu\/felhasznaloi-jelentes-a-precizitas-felszallasra-kesz\/\" \/>\n<meta property=\"og:locale\" content=\"hu_HU\" \/>\n<meta property=\"og:type\" content=\"article\" \/>\n<meta property=\"og:title\" content=\"Felhaszn\u00e1l\u00f3i jelent\u00e9s: A precizit\u00e1s felsz\u00e1ll\u00e1sra k\u00e9sz\" \/>\n<meta property=\"og:description\" content=\"A SURFCOM NEX 041 seg\u00edts\u00e9g\u00e9vel a S.I.M.E.szavatolja az alkatr\u00e9szek min\u0151s\u00e9g\u00e9t \u00e9s kiel\u00e9g\u00edti az olaszorsz\u00e1gi \u00e9s eur\u00f3pai \u00fcgyfelek legmagasabb szint\u0171 elv\u00e1r\u00e1sait is.\" \/>\n<meta property=\"og:url\" content=\"https:\/\/www.accretech.eu\/hu\/felhasznaloi-jelentes-a-precizitas-felszallasra-kesz\/\" \/>\n<meta property=\"og:site_name\" content=\"ACCRETECH (Europe)\" \/>\n<meta property=\"article:published_time\" content=\"2021-02-22T11:58:22+00:00\" \/>\n<meta property=\"article:modified_time\" content=\"2021-03-03T12:07:56+00:00\" \/>\n<meta name=\"author\" content=\"Prause\" \/>\n<meta name=\"twitter:card\" content=\"summary_large_image\" \/>\n<meta name=\"twitter:label1\" content=\"Szerz\u0151:\" \/>\n\t<meta name=\"twitter:data1\" content=\"Prause\" \/>\n\t<meta name=\"twitter:label2\" content=\"Becs\u00fclt olvas\u00e1si id\u0151\" \/>\n\t<meta name=\"twitter:data2\" content=\"22 perc\" \/>\n<script type=\"application\/ld+json\" class=\"yoast-schema-graph\">{\"@context\":\"https:\/\/schema.org\",\"@graph\":[{\"@type\":\"Article\",\"@id\":\"https:\/\/www.accretech.eu\/hu\/felhasznaloi-jelentes-a-precizitas-felszallasra-kesz\/#article\",\"isPartOf\":{\"@id\":\"https:\/\/www.accretech.eu\/hu\/felhasznaloi-jelentes-a-precizitas-felszallasra-kesz\/\"},\"author\":{\"name\":\"Prause\",\"@id\":\"https:\/\/www.accretech.eu\/it\/#\/schema\/person\/fe8e7c1b6514a093af2bc69863486cd6\"},\"headline\":\"Felhaszn\u00e1l\u00f3i jelent\u00e9s: A precizit\u00e1s felsz\u00e1ll\u00e1sra k\u00e9sz\",\"datePublished\":\"2021-02-22T11:58:22+00:00\",\"dateModified\":\"2021-03-03T12:07:56+00:00\",\"mainEntityOfPage\":{\"@id\":\"https:\/\/www.accretech.eu\/hu\/felhasznaloi-jelentes-a-precizitas-felszallasra-kesz\/\"},\"wordCount\":3791,\"publisher\":{\"@id\":\"https:\/\/www.accretech.eu\/it\/#organization\"},\"image\":{\"@id\":\"https:\/\/www.accretech.eu\/hu\/felhasznaloi-jelentes-a-precizitas-felszallasra-kesz\/#primaryimage\"},\"thumbnailUrl\":\"https:\/\/www.accretech.eu\/wp-content\/uploads\/2021\/02\/ACCRETECH_SURFCOM-NEX-041-at-SIME-scaled.jpg\",\"articleSection\":[\"Unkategorisiert\"],\"inLanguage\":\"hu\"},{\"@type\":\"WebPage\",\"@id\":\"https:\/\/www.accretech.eu\/hu\/felhasznaloi-jelentes-a-precizitas-felszallasra-kesz\/\",\"url\":\"https:\/\/www.accretech.eu\/hu\/felhasznaloi-jelentes-a-precizitas-felszallasra-kesz\/\",\"name\":\"Felhaszn\u00e1l\u00f3i jelent\u00e9s: A precizit\u00e1s felsz\u00e1ll\u00e1sra k\u00e9sz\",\"isPartOf\":{\"@id\":\"https:\/\/www.accretech.eu\/it\/#website\"},\"primaryImageOfPage\":{\"@id\":\"https:\/\/www.accretech.eu\/hu\/felhasznaloi-jelentes-a-precizitas-felszallasra-kesz\/#primaryimage\"},\"image\":{\"@id\":\"https:\/\/www.accretech.eu\/hu\/felhasznaloi-jelentes-a-precizitas-felszallasra-kesz\/#primaryimage\"},\"thumbnailUrl\":\"https:\/\/www.accretech.eu\/wp-content\/uploads\/2021\/02\/ACCRETECH_SURFCOM-NEX-041-at-SIME-scaled.jpg\",\"datePublished\":\"2021-02-22T11:58:22+00:00\",\"dateModified\":\"2021-03-03T12:07:56+00:00\",\"description\":\"A SURFCOM NEX 041 seg\u00edts\u00e9g\u00e9vel a S.I.M.E.szavatolja az alkatr\u00e9szek min\u0151s\u00e9g\u00e9t \u00e9s kiel\u00e9g\u00edti az olaszorsz\u00e1gi \u00e9s eur\u00f3pai \u00fcgyfelek legmagasabb szint\u0171 elv\u00e1r\u00e1sait is.\",\"breadcrumb\":{\"@id\":\"https:\/\/www.accretech.eu\/hu\/felhasznaloi-jelentes-a-precizitas-felszallasra-kesz\/#breadcrumb\"},\"inLanguage\":\"hu\",\"potentialAction\":[{\"@type\":\"ReadAction\",\"target\":[\"https:\/\/www.accretech.eu\/hu\/felhasznaloi-jelentes-a-precizitas-felszallasra-kesz\/\"]}]},{\"@type\":\"ImageObject\",\"inLanguage\":\"hu\",\"@id\":\"https:\/\/www.accretech.eu\/hu\/felhasznaloi-jelentes-a-precizitas-felszallasra-kesz\/#primaryimage\",\"url\":\"https:\/\/www.accretech.eu\/wp-content\/uploads\/2021\/02\/ACCRETECH_SURFCOM-NEX-041-at-SIME-scaled.jpg\",\"contentUrl\":\"https:\/\/www.accretech.eu\/wp-content\/uploads\/2021\/02\/ACCRETECH_SURFCOM-NEX-041-at-SIME-scaled.jpg\",\"width\":5019,\"height\":3718},{\"@type\":\"BreadcrumbList\",\"@id\":\"https:\/\/www.accretech.eu\/hu\/felhasznaloi-jelentes-a-precizitas-felszallasra-kesz\/#breadcrumb\",\"itemListElement\":[{\"@type\":\"ListItem\",\"position\":1,\"name\":\"Startseite\",\"item\":\"https:\/\/www.accretech.eu\/hu\/home-2\/\"},{\"@type\":\"ListItem\",\"position\":2,\"name\":\"Felhaszn\u00e1l\u00f3i jelent\u00e9s: A precizit\u00e1s felsz\u00e1ll\u00e1sra k\u00e9sz\"}]},{\"@type\":\"WebSite\",\"@id\":\"https:\/\/www.accretech.eu\/it\/#website\",\"url\":\"https:\/\/www.accretech.eu\/it\/\",\"name\":\"ACCRETECH (Europe)\",\"description\":\"\",\"publisher\":{\"@id\":\"https:\/\/www.accretech.eu\/it\/#organization\"},\"potentialAction\":[{\"@type\":\"SearchAction\",\"target\":{\"@type\":\"EntryPoint\",\"urlTemplate\":\"https:\/\/www.accretech.eu\/it\/?s={search_term_string}\"},\"query-input\":{\"@type\":\"PropertyValueSpecification\",\"valueRequired\":true,\"valueName\":\"search_term_string\"}}],\"inLanguage\":\"hu\"},{\"@type\":\"Organization\",\"@id\":\"https:\/\/www.accretech.eu\/it\/#organization\",\"name\":\"ACCRETECH (Europe) GmbH\",\"url\":\"https:\/\/www.accretech.eu\/it\/\",\"logo\":{\"@type\":\"ImageObject\",\"inLanguage\":\"hu\",\"@id\":\"https:\/\/www.accretech.eu\/it\/#\/schema\/logo\/image\/\",\"url\":\"https:\/\/www.accretech.eu\/wp-content\/uploads\/2016\/10\/accretech-europe_logo.png\",\"contentUrl\":\"https:\/\/www.accretech.eu\/wp-content\/uploads\/2016\/10\/accretech-europe_logo.png\",\"width\":312,\"height\":42,\"caption\":\"ACCRETECH (Europe) GmbH\"},\"image\":{\"@id\":\"https:\/\/www.accretech.eu\/it\/#\/schema\/logo\/image\/\"}},{\"@type\":\"Person\",\"@id\":\"https:\/\/www.accretech.eu\/it\/#\/schema\/person\/fe8e7c1b6514a093af2bc69863486cd6\",\"name\":\"Prause\"}]}<\/script>\n<!-- \/ Yoast SEO Premium plugin. -->","yoast_head_json":{"title":"Felhaszn\u00e1l\u00f3i jelent\u00e9s: A precizit\u00e1s felsz\u00e1ll\u00e1sra k\u00e9sz","description":"A SURFCOM NEX 041 seg\u00edts\u00e9g\u00e9vel a S.I.M.E.szavatolja az alkatr\u00e9szek min\u0151s\u00e9g\u00e9t \u00e9s kiel\u00e9g\u00edti az olaszorsz\u00e1gi \u00e9s eur\u00f3pai \u00fcgyfelek legmagasabb szint\u0171 elv\u00e1r\u00e1sait is.","robots":{"index":"index","follow":"follow","max-snippet":"max-snippet:-1","max-image-preview":"max-image-preview:large","max-video-preview":"max-video-preview:-1"},"canonical":"https:\/\/www.accretech.eu\/hu\/felhasznaloi-jelentes-a-precizitas-felszallasra-kesz\/","og_locale":"hu_HU","og_type":"article","og_title":"Felhaszn\u00e1l\u00f3i jelent\u00e9s: A precizit\u00e1s felsz\u00e1ll\u00e1sra k\u00e9sz","og_description":"A SURFCOM NEX 041 seg\u00edts\u00e9g\u00e9vel a S.I.M.E.szavatolja az alkatr\u00e9szek min\u0151s\u00e9g\u00e9t \u00e9s kiel\u00e9g\u00edti az olaszorsz\u00e1gi \u00e9s eur\u00f3pai \u00fcgyfelek legmagasabb szint\u0171 elv\u00e1r\u00e1sait is.","og_url":"https:\/\/www.accretech.eu\/hu\/felhasznaloi-jelentes-a-precizitas-felszallasra-kesz\/","og_site_name":"ACCRETECH (Europe)","article_published_time":"2021-02-22T11:58:22+00:00","article_modified_time":"2021-03-03T12:07:56+00:00","author":"Prause","twitter_card":"summary_large_image","twitter_misc":{"Szerz\u0151:":"Prause","Becs\u00fclt olvas\u00e1si id\u0151":"22 perc"},"schema":{"@context":"https:\/\/schema.org","@graph":[{"@type":"Article","@id":"https:\/\/www.accretech.eu\/hu\/felhasznaloi-jelentes-a-precizitas-felszallasra-kesz\/#article","isPartOf":{"@id":"https:\/\/www.accretech.eu\/hu\/felhasznaloi-jelentes-a-precizitas-felszallasra-kesz\/"},"author":{"name":"Prause","@id":"https:\/\/www.accretech.eu\/it\/#\/schema\/person\/fe8e7c1b6514a093af2bc69863486cd6"},"headline":"Felhaszn\u00e1l\u00f3i jelent\u00e9s: A precizit\u00e1s felsz\u00e1ll\u00e1sra k\u00e9sz","datePublished":"2021-02-22T11:58:22+00:00","dateModified":"2021-03-03T12:07:56+00:00","mainEntityOfPage":{"@id":"https:\/\/www.accretech.eu\/hu\/felhasznaloi-jelentes-a-precizitas-felszallasra-kesz\/"},"wordCount":3791,"publisher":{"@id":"https:\/\/www.accretech.eu\/it\/#organization"},"image":{"@id":"https:\/\/www.accretech.eu\/hu\/felhasznaloi-jelentes-a-precizitas-felszallasra-kesz\/#primaryimage"},"thumbnailUrl":"https:\/\/www.accretech.eu\/wp-content\/uploads\/2021\/02\/ACCRETECH_SURFCOM-NEX-041-at-SIME-scaled.jpg","articleSection":["Unkategorisiert"],"inLanguage":"hu"},{"@type":"WebPage","@id":"https:\/\/www.accretech.eu\/hu\/felhasznaloi-jelentes-a-precizitas-felszallasra-kesz\/","url":"https:\/\/www.accretech.eu\/hu\/felhasznaloi-jelentes-a-precizitas-felszallasra-kesz\/","name":"Felhaszn\u00e1l\u00f3i jelent\u00e9s: A precizit\u00e1s felsz\u00e1ll\u00e1sra k\u00e9sz","isPartOf":{"@id":"https:\/\/www.accretech.eu\/it\/#website"},"primaryImageOfPage":{"@id":"https:\/\/www.accretech.eu\/hu\/felhasznaloi-jelentes-a-precizitas-felszallasra-kesz\/#primaryimage"},"image":{"@id":"https:\/\/www.accretech.eu\/hu\/felhasznaloi-jelentes-a-precizitas-felszallasra-kesz\/#primaryimage"},"thumbnailUrl":"https:\/\/www.accretech.eu\/wp-content\/uploads\/2021\/02\/ACCRETECH_SURFCOM-NEX-041-at-SIME-scaled.jpg","datePublished":"2021-02-22T11:58:22+00:00","dateModified":"2021-03-03T12:07:56+00:00","description":"A SURFCOM NEX 041 seg\u00edts\u00e9g\u00e9vel a S.I.M.E.szavatolja az alkatr\u00e9szek min\u0151s\u00e9g\u00e9t \u00e9s kiel\u00e9g\u00edti az olaszorsz\u00e1gi \u00e9s eur\u00f3pai \u00fcgyfelek legmagasabb szint\u0171 elv\u00e1r\u00e1sait is.","breadcrumb":{"@id":"https:\/\/www.accretech.eu\/hu\/felhasznaloi-jelentes-a-precizitas-felszallasra-kesz\/#breadcrumb"},"inLanguage":"hu","potentialAction":[{"@type":"ReadAction","target":["https:\/\/www.accretech.eu\/hu\/felhasznaloi-jelentes-a-precizitas-felszallasra-kesz\/"]}]},{"@type":"ImageObject","inLanguage":"hu","@id":"https:\/\/www.accretech.eu\/hu\/felhasznaloi-jelentes-a-precizitas-felszallasra-kesz\/#primaryimage","url":"https:\/\/www.accretech.eu\/wp-content\/uploads\/2021\/02\/ACCRETECH_SURFCOM-NEX-041-at-SIME-scaled.jpg","contentUrl":"https:\/\/www.accretech.eu\/wp-content\/uploads\/2021\/02\/ACCRETECH_SURFCOM-NEX-041-at-SIME-scaled.jpg","width":5019,"height":3718},{"@type":"BreadcrumbList","@id":"https:\/\/www.accretech.eu\/hu\/felhasznaloi-jelentes-a-precizitas-felszallasra-kesz\/#breadcrumb","itemListElement":[{"@type":"ListItem","position":1,"name":"Startseite","item":"https:\/\/www.accretech.eu\/hu\/home-2\/"},{"@type":"ListItem","position":2,"name":"Felhaszn\u00e1l\u00f3i jelent\u00e9s: A precizit\u00e1s felsz\u00e1ll\u00e1sra k\u00e9sz"}]},{"@type":"WebSite","@id":"https:\/\/www.accretech.eu\/it\/#website","url":"https:\/\/www.accretech.eu\/it\/","name":"ACCRETECH (Europe)","description":"","publisher":{"@id":"https:\/\/www.accretech.eu\/it\/#organization"},"potentialAction":[{"@type":"SearchAction","target":{"@type":"EntryPoint","urlTemplate":"https:\/\/www.accretech.eu\/it\/?s={search_term_string}"},"query-input":{"@type":"PropertyValueSpecification","valueRequired":true,"valueName":"search_term_string"}}],"inLanguage":"hu"},{"@type":"Organization","@id":"https:\/\/www.accretech.eu\/it\/#organization","name":"ACCRETECH (Europe) GmbH","url":"https:\/\/www.accretech.eu\/it\/","logo":{"@type":"ImageObject","inLanguage":"hu","@id":"https:\/\/www.accretech.eu\/it\/#\/schema\/logo\/image\/","url":"https:\/\/www.accretech.eu\/wp-content\/uploads\/2016\/10\/accretech-europe_logo.png","contentUrl":"https:\/\/www.accretech.eu\/wp-content\/uploads\/2016\/10\/accretech-europe_logo.png","width":312,"height":42,"caption":"ACCRETECH (Europe) GmbH"},"image":{"@id":"https:\/\/www.accretech.eu\/it\/#\/schema\/logo\/image\/"}},{"@type":"Person","@id":"https:\/\/www.accretech.eu\/it\/#\/schema\/person\/fe8e7c1b6514a093af2bc69863486cd6","name":"Prause"}]}},"_links":{"self":[{"href":"https:\/\/www.accretech.eu\/hu\/wp-json\/wp\/v2\/posts\/52460","targetHints":{"allow":["GET"]}}],"collection":[{"href":"https:\/\/www.accretech.eu\/hu\/wp-json\/wp\/v2\/posts"}],"about":[{"href":"https:\/\/www.accretech.eu\/hu\/wp-json\/wp\/v2\/types\/post"}],"author":[{"embeddable":true,"href":"https:\/\/www.accretech.eu\/hu\/wp-json\/wp\/v2\/users\/550"}],"replies":[{"embeddable":true,"href":"https:\/\/www.accretech.eu\/hu\/wp-json\/wp\/v2\/comments?post=52460"}],"version-history":[{"count":0,"href":"https:\/\/www.accretech.eu\/hu\/wp-json\/wp\/v2\/posts\/52460\/revisions"}],"wp:featuredmedia":[{"embeddable":true,"href":"https:\/\/www.accretech.eu\/hu\/wp-json\/wp\/v2\/media\/52250"}],"wp:attachment":[{"href":"https:\/\/www.accretech.eu\/hu\/wp-json\/wp\/v2\/media?parent=52460"}],"wp:term":[{"taxonomy":"category","embeddable":true,"href":"https:\/\/www.accretech.eu\/hu\/wp-json\/wp\/v2\/categories?post=52460"},{"taxonomy":"post_tag","embeddable":true,"href":"https:\/\/www.accretech.eu\/hu\/wp-json\/wp\/v2\/tags?post=52460"}],"curies":[{"name":"wp","href":"https:\/\/api.w.org\/{rel}","templated":true}]}}